{"id":20381,"date":"2022-04-22T11:55:02","date_gmt":"2022-04-22T16:55:02","guid":{"rendered":"https:\/\/a3noticias.com.mx\/sandbox\/?p=20381"},"modified":"2022-04-22T11:55:03","modified_gmt":"2022-04-22T16:55:03","slug":"tarifa-unidos-ha-beneficiado-a-mas-de-68-mil-personas","status":"publish","type":"post","link":"https:\/\/a3noticias.com.mx\/sandbox\/2022\/04\/22\/tarifa-unidos-ha-beneficiado-a-mas-de-68-mil-personas\/","title":{"rendered":"\u00abTarifa UniDos\u00bb ha beneficiado a m\u00e1s de 68 mil personas."},"content":{"rendered":"\n<p>\u201cTarifa UniDos\u201d, el programa para que personas preferenciales paguen \u00fanicamente $2.00 pesos en el transporte p\u00fablico, ha registrado un total de 68 mil 746 beneficiarios luego de abrir su tercera convocatoria.&nbsp;<\/p>\n\n\n\n<p>Para acceder al programa, las personas preferenciales que no est\u00e9n registrados en el padr\u00f3n de la Secretar\u00eda de Desarrollo Social, deber\u00e1n realizar su solicitud en l\u00ednea a trav\u00e9s de la p\u00e1gina:&nbsp; programas.queretaro.gob.mx&nbsp; m\u00e1ximo el 30 de abril&nbsp;<\/p>\n\n\n\n<p>En dicha p\u00e1gina deber\u00e1n subir en formato PDF, o en su caso, entregar la siguiente documentaci\u00f3n:<\/p>\n\n\n\n<ul class=\"wp-block-list\"><li>Identificaci\u00f3n oficial vigente<\/li><li>Comprobante de domicilio con vigencia no mayor a tres meses<\/li><li>CURP en formato vigente<\/li><li>Constancia de discapacidad emitida por el CRIQ<\/li><li>Documento emitido por la instituci\u00f3n P\u00fablica o privada de Educaci\u00f3n que acredite la inscripci\u00f3n y\/o reinscripci\u00f3n, en su caso.&nbsp;&nbsp;<\/li><li>Para personas de la tercera edad y\/o con alguna discapacidad, podr\u00e1n hacer su registro de forma presencial, si as\u00ed lo desean, en el m\u00f3dulo de atenci\u00f3n ubicado en el Centro Educativo y Cultural Manuel G\u00f3mez Mor\u00edn.&nbsp;&nbsp;<\/li><\/ul>\n\n\n\n<p>Dorantes L\u00e1mbarr\u00ed se\u00f1al\u00f3 que las y los estudiantes de escuelas p\u00fablicas y privadas que ya tengan acceso a la tarifa \u201cUniDos\u201d deber\u00e1n refrendar su registro.&nbsp;&nbsp;<\/p>\n","protected":false},"excerpt":{"rendered":"<p>\u201cTarifa UniDos\u201d, el programa para que personas preferenciales paguen \u00fanicamente $2.00 pesos en el transporte p\u00fablico, ha registrado un total de 68 mil 746 beneficiarios luego de abrir su tercera &hellip; <a href=\"https:\/\/a3noticias.com.mx\/sandbox\/2022\/04\/22\/tarifa-unidos-ha-beneficiado-a-mas-de-68-mil-personas\/\" class=\"more-link\">Leer m\u00e1s<\/a><\/p>\n","protected":false},"author":2,"featured_media":20382,"comment_status":"open","ping_status":"open","sticky":false,"template":"","format":"standard","meta":{"_monsterinsights_skip_tracking":false,"_monsterinsights_sitenote_active":false,"_monsterinsights_sitenote_note":"","_monsterinsights_sitenote_category":0,"footnotes":""},"categories":[2],"tags":[],"class_list":["post-20381","post","type-post","status-publish","format-standard","has-post-thumbnail","hentry","category-qro","entry"],"aioseo_notices":[],"_links":{"self":[{"href":"https:\/\/a3noticias.com.mx\/sandbox\/wp-json\/wp\/v2\/posts\/20381","targetHints":{"allow":["GET"]}}],"collection":[{"href":"https:\/\/a3noticias.com.mx\/sandbox\/wp-json\/wp\/v2\/posts"}],"about":[{"href":"https:\/\/a3noticias.com.mx\/sandbox\/wp-json\/wp\/v2\/types\/post"}],"author":[{"embeddable":true,"href":"https:\/\/a3noticias.com.mx\/sandbox\/wp-json\/wp\/v2\/users\/2"}],"replies":[{"embeddable":true,"href":"https:\/\/a3noticias.com.mx\/sandbox\/wp-json\/wp\/v2\/comments?post=20381"}],"version-history":[{"count":1,"href":"https:\/\/a3noticias.com.mx\/sandbox\/wp-json\/wp\/v2\/posts\/20381\/revisions"}],"predecessor-version":[{"id":20383,"href":"https:\/\/a3noticias.com.mx\/sandbox\/wp-json\/wp\/v2\/posts\/20381\/revisions\/20383"}],"wp:featuredmedia":[{"embeddable":true,"href":"https:\/\/a3noticias.com.mx\/sandbox\/wp-json\/wp\/v2\/media\/20382"}],"wp:attachment":[{"href":"https:\/\/a3noticias.com.mx\/sandbox\/wp-json\/wp\/v2\/media?parent=20381"}],"wp:term":[{"taxonomy":"category","embeddable":true,"href":"https:\/\/a3noticias.com.mx\/sandbox\/wp-json\/wp\/v2\/categories?post=20381"},{"taxonomy":"post_tag","embeddable":true,"href":"https:\/\/a3noticias.com.mx\/sandbox\/wp-json\/wp\/v2\/tags?post=20381"}],"curies":[{"name":"wp","href":"https:\/\/api.w.org\/{rel}","templated":true}]}}