{"id":20386,"date":"2022-04-22T15:08:58","date_gmt":"2022-04-22T20:08:58","guid":{"rendered":"https:\/\/a3noticias.com.mx\/sandbox\/?p=20386"},"modified":"2022-04-22T15:08:59","modified_gmt":"2022-04-22T20:08:59","slug":"la-capital-queretana-sera-sede-de-la-reunion-de-ciudades-capitales-de-mexico","status":"publish","type":"post","link":"https:\/\/a3noticias.com.mx\/sandbox\/2022\/04\/22\/la-capital-queretana-sera-sede-de-la-reunion-de-ciudades-capitales-de-mexico\/","title":{"rendered":"La capital queretana ser\u00e1 sede de la reuni\u00f3n de Ciudades Capitales de M\u00e9xico."},"content":{"rendered":"\n<p>La ciudad de Quer\u00e9taro ser\u00e1 la sede de una extensa agenda de actividades del programa anual de trabajo de la Asociaci\u00f3n de Ciudades Capitales de M\u00e9xico (ACCM).<\/p>\n\n\n\n<p>El principal eje del evento ser\u00e1 el intercambio de experiencias en materia de prevenci\u00f3n del delito, acciones por la seguridad de la poblaci\u00f3n y profesionalizaci\u00f3n de los elementos policiales.<\/p>\n\n\n\n<p>El programa de actividades tiene contemplados algunos recorridos por las instalaciones de la Secretar\u00eda de Seguridad P\u00fablica Municipal, en particular por el Centro de Comando, Control, Comunicaci\u00f3n y C\u00f3mputo (C4).&nbsp;&nbsp;<\/p>\n\n\n\n<p>Asimismo llevar\u00e1n a cabo mesas de trabajo de temas como la Dignificaci\u00f3n y Profesionalizaci\u00f3n Policial y el Fortalecimiento Institucional, adem\u00e1s de escuchar a personajes como Kristian H\u00f6lge, Representante de la Oficina de las Naciones Unidas contra la Droga y el Delito en M\u00e9xico.<\/p>\n\n\n\n<p>Las visitas y reuniones de trabajo se realizar\u00e1n a lo largo de este domingo y lunes,&nbsp; pues tambi\u00e9n contemplan un encuentro con el Gobernador del Estado y una declaraci\u00f3n conjunta al t\u00e9rmino de su asamblea.<\/p>\n","protected":false},"excerpt":{"rendered":"<p>La ciudad de Quer\u00e9taro ser\u00e1 la sede de una extensa agenda de actividades del programa anual de trabajo de la Asociaci\u00f3n de Ciudades Capitales de M\u00e9xico (ACCM). El principal eje &hellip; <a href=\"https:\/\/a3noticias.com.mx\/sandbox\/2022\/04\/22\/la-capital-queretana-sera-sede-de-la-reunion-de-ciudades-capitales-de-mexico\/\" class=\"more-link\">Leer m\u00e1s<\/a><\/p>\n","protected":false},"author":2,"featured_media":20387,"comment_status":"open","ping_status":"open","sticky":false,"template":"","format":"standard","meta":{"_monsterinsights_skip_tracking":false,"_monsterinsights_sitenote_active":false,"_monsterinsights_sitenote_note":"","_monsterinsights_sitenote_category":0,"footnotes":""},"categories":[2],"tags":[],"class_list":["post-20386","post","type-post","status-publish","format-standard","has-post-thumbnail","hentry","category-qro","entry"],"aioseo_notices":[],"_links":{"self":[{"href":"https:\/\/a3noticias.com.mx\/sandbox\/wp-json\/wp\/v2\/posts\/20386","targetHints":{"allow":["GET"]}}],"collection":[{"href":"https:\/\/a3noticias.com.mx\/sandbox\/wp-json\/wp\/v2\/posts"}],"about":[{"href":"https:\/\/a3noticias.com.mx\/sandbox\/wp-json\/wp\/v2\/types\/post"}],"author":[{"embeddable":true,"href":"https:\/\/a3noticias.com.mx\/sandbox\/wp-json\/wp\/v2\/users\/2"}],"replies":[{"embeddable":true,"href":"https:\/\/a3noticias.com.mx\/sandbox\/wp-json\/wp\/v2\/comments?post=20386"}],"version-history":[{"count":1,"href":"https:\/\/a3noticias.com.mx\/sandbox\/wp-json\/wp\/v2\/posts\/20386\/revisions"}],"predecessor-version":[{"id":20388,"href":"https:\/\/a3noticias.com.mx\/sandbox\/wp-json\/wp\/v2\/posts\/20386\/revisions\/20388"}],"wp:featuredmedia":[{"embeddable":true,"href":"https:\/\/a3noticias.com.mx\/sandbox\/wp-json\/wp\/v2\/media\/20387"}],"wp:attachment":[{"href":"https:\/\/a3noticias.com.mx\/sandbox\/wp-json\/wp\/v2\/media?parent=20386"}],"wp:term":[{"taxonomy":"category","embeddable":true,"href":"https:\/\/a3noticias.com.mx\/sandbox\/wp-json\/wp\/v2\/categories?post=20386"},{"taxonomy":"post_tag","embeddable":true,"href":"https:\/\/a3noticias.com.mx\/sandbox\/wp-json\/wp\/v2\/tags?post=20386"}],"curies":[{"name":"wp","href":"https:\/\/api.w.org\/{rel}","templated":true}]}}