{"id":20408,"date":"2022-04-24T14:00:00","date_gmt":"2022-04-24T19:00:00","guid":{"rendered":"https:\/\/a3noticias.com.mx\/sandbox\/?p=20408"},"modified":"2022-04-23T14:34:49","modified_gmt":"2022-04-23T19:34:49","slug":"todo-lo-que-tienes-que-saber-sobre-la-feria-de-amealco-2022","status":"publish","type":"post","link":"https:\/\/a3noticias.com.mx\/sandbox\/2022\/04\/24\/todo-lo-que-tienes-que-saber-sobre-la-feria-de-amealco-2022\/","title":{"rendered":"\u00a1Todo lo que tienes que saber sobre la Feria de Amealco 2022!"},"content":{"rendered":"\n<p>A partir del jueves 28 de abril y hasta el primero de Mayo podr\u00e1s disfrutar de una serie de eventos con motivo de la \u201cFeria Amealco 2022\u201d, donde habr\u00e1 conciertos, cabalgatas, concursos, gastronom\u00eda, entre otras actividades.<\/p>\n\n\n\n<p>&nbsp;El primer d\u00eda, se dar\u00e1 a conocer la Flor m\u00e1s bella del Campo, adem\u00e1s de la coronaci\u00f3n de Mar\u00eda Alejandra I, reina de la Feria de Amealco 2022, en el teatro del pueblo, as\u00ed como la presentaci\u00f3n musical del grupo \u201cLos Rugar\u201d.<\/p>\n\n\n\n<p>Para el viernes 29 la Feria se pondr\u00e1 de manteles largos pues se contar\u00e1 con la presencia de los cantantes Samo y Reyli Barba, adem\u00e1s de llevarse a cabo la tradicional cabalgata amealcense y una cena de gala.<\/p>\n\n\n\n<p>Para el s\u00e1bado 30 de abril se tienen contempladas actividades familiares especialmente dedicadas a los m\u00e1s peque\u00f1os de la casa, con rallys, concursos y un festival el D\u00eda del Ni\u00f1o.<\/p>\n\n\n\n<p>Mientas que en el \u00faltimo d\u00eda de la Feria, habr\u00e1 una exposici\u00f3n de carros antiguos, as\u00ed como presentaciones de danza, cantantes regionales y el espectacular torneo charro.<\/p>\n\n\n\n<p>Adem\u00e1s habr\u00e1 juegos mec\u00e1nicos concursos de relatos, de burros adornados y hasta un original concurso de fachadas, en el que participar\u00e1n las casas m\u00e1s creativas del primer cuadro del municipio.<\/p>\n\n\n\n<div class=\"wp-block-image\"><figure class=\"aligncenter size-large is-resized\"><img loading=\"lazy\" decoding=\"async\" src=\"https:\/\/a3noticias.com.mx\/sandbox\/wp-content\/uploads\/2022\/04\/Captura-de-pantalla-2022-04-23-a-las-14.30.39-89x90.png\" alt=\"\" class=\"wp-image-20409\" width=\"562\" height=\"568\"\/><\/figure><\/div>\n\n\n\n<div class=\"wp-block-image\"><figure class=\"aligncenter size-large is-resized\"><img loading=\"lazy\" decoding=\"async\" src=\"https:\/\/a3noticias.com.mx\/sandbox\/wp-content\/uploads\/2022\/04\/Captura-de-pantalla-2022-04-23-a-las-14.32.34-1-90x90.png\" alt=\"\" class=\"wp-image-20413\" width=\"536\" height=\"536\" srcset=\"https:\/\/a3noticias.com.mx\/sandbox\/wp-content\/uploads\/2022\/04\/Captura-de-pantalla-2022-04-23-a-las-14.32.34-1-90x90.png 90w, https:\/\/a3noticias.com.mx\/sandbox\/wp-content\/uploads\/2022\/04\/Captura-de-pantalla-2022-04-23-a-las-14.32.34-1-300x300.png 300w, https:\/\/a3noticias.com.mx\/sandbox\/wp-content\/uploads\/2022\/04\/Captura-de-pantalla-2022-04-23-a-las-14.32.34-1-150x150.png 150w, https:\/\/a3noticias.com.mx\/sandbox\/wp-content\/uploads\/2022\/04\/Captura-de-pantalla-2022-04-23-a-las-14.32.34-1-768x770.png 768w\" sizes=\"auto, (max-width: 536px) 100vw, 536px\" \/><\/figure><\/div>\n\n\n\n<div class=\"wp-block-image\"><figure class=\"aligncenter size-large is-resized\"><img loading=\"lazy\" decoding=\"async\" src=\"https:\/\/a3noticias.com.mx\/sandbox\/wp-content\/uploads\/2022\/04\/Captura-de-pantalla-2022-04-23-a-las-14.31.56-90x90.png\" alt=\"\" class=\"wp-image-20414\" width=\"541\" height=\"541\" srcset=\"https:\/\/a3noticias.com.mx\/sandbox\/wp-content\/uploads\/2022\/04\/Captura-de-pantalla-2022-04-23-a-las-14.31.56-90x90.png 90w, https:\/\/a3noticias.com.mx\/sandbox\/wp-content\/uploads\/2022\/04\/Captura-de-pantalla-2022-04-23-a-las-14.31.56-300x300.png 300w, https:\/\/a3noticias.com.mx\/sandbox\/wp-content\/uploads\/2022\/04\/Captura-de-pantalla-2022-04-23-a-las-14.31.56-150x150.png 150w, https:\/\/a3noticias.com.mx\/sandbox\/wp-content\/uploads\/2022\/04\/Captura-de-pantalla-2022-04-23-a-las-14.31.56-768x767.png 768w, https:\/\/a3noticias.com.mx\/sandbox\/wp-content\/uploads\/2022\/04\/Captura-de-pantalla-2022-04-23-a-las-14.31.56.png 1280w\" sizes=\"auto, (max-width: 541px) 100vw, 541px\" \/><\/figure><\/div>\n\n\n\n<div class=\"wp-block-image\"><figure class=\"aligncenter size-large is-resized\"><img loading=\"lazy\" decoding=\"async\" src=\"https:\/\/a3noticias.com.mx\/sandbox\/wp-content\/uploads\/2022\/04\/Captura-de-pantalla-2022-04-23-a-las-14.32.07-90x90.png\" alt=\"\" class=\"wp-image-20415\" width=\"535\" height=\"535\" srcset=\"https:\/\/a3noticias.com.mx\/sandbox\/wp-content\/uploads\/2022\/04\/Captura-de-pantalla-2022-04-23-a-las-14.32.07-90x90.png 90w, https:\/\/a3noticias.com.mx\/sandbox\/wp-content\/uploads\/2022\/04\/Captura-de-pantalla-2022-04-23-a-las-14.32.07-300x300.png 300w, https:\/\/a3noticias.com.mx\/sandbox\/wp-content\/uploads\/2022\/04\/Captura-de-pantalla-2022-04-23-a-las-14.32.07-150x150.png 150w, https:\/\/a3noticias.com.mx\/sandbox\/wp-content\/uploads\/2022\/04\/Captura-de-pantalla-2022-04-23-a-las-14.32.07-768x769.png 768w, https:\/\/a3noticias.com.mx\/sandbox\/wp-content\/uploads\/2022\/04\/Captura-de-pantalla-2022-04-23-a-las-14.32.07.png 1280w\" sizes=\"auto, (max-width: 535px) 100vw, 535px\" \/><\/figure><\/div>\n","protected":false},"excerpt":{"rendered":"<p>A partir del jueves 28 de abril y hasta el primero de Mayo podr\u00e1s disfrutar de una serie de eventos con motivo de la \u201cFeria Amealco 2022\u201d, donde habr\u00e1 conciertos, &hellip; <a href=\"https:\/\/a3noticias.com.mx\/sandbox\/2022\/04\/24\/todo-lo-que-tienes-que-saber-sobre-la-feria-de-amealco-2022\/\" class=\"more-link\">Leer m\u00e1s<\/a><\/p>\n","protected":false},"author":4,"featured_media":20416,"comment_status":"open","ping_status":"open","sticky":false,"template":"","format":"standard","meta":{"_monsterinsights_skip_tracking":false,"_monsterinsights_sitenote_active":false,"_monsterinsights_sitenote_note":"","_monsterinsights_sitenote_category":0,"footnotes":""},"categories":[2],"tags":[],"class_list":["post-20408","post","type-post","status-publish","format-standard","has-post-thumbnail","hentry","category-qro","entry"],"aioseo_notices":[],"_links":{"self":[{"href":"https:\/\/a3noticias.com.mx\/sandbox\/wp-json\/wp\/v2\/posts\/20408","targetHints":{"allow":["GET"]}}],"collection":[{"href":"https:\/\/a3noticias.com.mx\/sandbox\/wp-json\/wp\/v2\/posts"}],"about":[{"href":"https:\/\/a3noticias.com.mx\/sandbox\/wp-json\/wp\/v2\/types\/post"}],"author":[{"embeddable":true,"href":"https:\/\/a3noticias.com.mx\/sandbox\/wp-json\/wp\/v2\/users\/4"}],"replies":[{"embeddable":true,"href":"https:\/\/a3noticias.com.mx\/sandbox\/wp-json\/wp\/v2\/comments?post=20408"}],"version-history":[{"count":1,"href":"https:\/\/a3noticias.com.mx\/sandbox\/wp-json\/wp\/v2\/posts\/20408\/revisions"}],"predecessor-version":[{"id":20417,"href":"https:\/\/a3noticias.com.mx\/sandbox\/wp-json\/wp\/v2\/posts\/20408\/revisions\/20417"}],"wp:featuredmedia":[{"embeddable":true,"href":"https:\/\/a3noticias.com.mx\/sandbox\/wp-json\/wp\/v2\/media\/20416"}],"wp:attachment":[{"href":"https:\/\/a3noticias.com.mx\/sandbox\/wp-json\/wp\/v2\/media?parent=20408"}],"wp:term":[{"taxonomy":"category","embeddable":true,"href":"https:\/\/a3noticias.com.mx\/sandbox\/wp-json\/wp\/v2\/categories?post=20408"},{"taxonomy":"post_tag","embeddable":true,"href":"https:\/\/a3noticias.com.mx\/sandbox\/wp-json\/wp\/v2\/tags?post=20408"}],"curies":[{"name":"wp","href":"https:\/\/api.w.org\/{rel}","templated":true}]}}