{"id":20453,"date":"2022-04-26T10:21:01","date_gmt":"2022-04-26T15:21:01","guid":{"rendered":"https:\/\/a3noticias.com.mx\/sandbox\/?p=20453"},"modified":"2022-04-26T10:21:03","modified_gmt":"2022-04-26T15:21:03","slug":"se-abrira-registro-de-vacunacion-contra-covid-19-para-todos-los-menores-de-12-anos-en-adelante","status":"publish","type":"post","link":"https:\/\/a3noticias.com.mx\/sandbox\/2022\/04\/26\/se-abrira-registro-de-vacunacion-contra-covid-19-para-todos-los-menores-de-12-anos-en-adelante\/","title":{"rendered":"Se abrir\u00e1 registro de vacunaci\u00f3n contra Covid-19 para todos los menores de 12 a\u00f1os en adelante."},"content":{"rendered":"\n<p>El pr\u00f3ximo jueves 28 de abril se abrir\u00e1 el registro de vacunaci\u00f3n Covid-19 para todos los ni\u00f1os a partir de 12 a\u00f1os, as\u00ed lo inform\u00f3 el subsecretario de salud del gobierno federal, Hugo L\u00f3pez-Gatell.<\/p>\n\n\n\n<p>Anteriormente el esquema de vacunaci\u00f3n para este rango de edad era exclusivo para menores con comorbilidades, sin embargo, ahora ser\u00e1 para la poblaci\u00f3n en general.&nbsp;<\/p>\n\n\n\n<p>&nbsp;A\u00fan no se ha precisado qu\u00e9 vacuna estar\u00e1n aplicando a la poblaci\u00f3n infantil, pero se\u00f1alan que se tendr\u00e1 la disponibilidad suficiente para el esquema de vacunaci\u00f3n.<\/p>\n\n\n\n<blockquote class=\"wp-block-quote is-layout-flow wp-block-quote-is-layout-flow\"><p>\u201cSe trata de que no solamente ni\u00f1as y ni\u00f1os con comorbilidades como lo hemos venido haciendo desde hace cuatro meses y medio, sino tambi\u00e9n todos los ni\u00f1os y ni\u00f1as sanas de 12 a\u00f1os en adelante ya van a ser disponibles las vacunas para que las reciban\u201d<\/p><\/blockquote>\n","protected":false},"excerpt":{"rendered":"<p>El pr\u00f3ximo jueves 28 de abril se abrir\u00e1 el registro de vacunaci\u00f3n Covid-19 para todos los ni\u00f1os a partir de 12 a\u00f1os, as\u00ed lo inform\u00f3 el subsecretario de salud del &hellip; <a href=\"https:\/\/a3noticias.com.mx\/sandbox\/2022\/04\/26\/se-abrira-registro-de-vacunacion-contra-covid-19-para-todos-los-menores-de-12-anos-en-adelante\/\" class=\"more-link\">Leer m\u00e1s<\/a><\/p>\n","protected":false},"author":2,"featured_media":17070,"comment_status":"open","ping_status":"open","sticky":false,"template":"","format":"standard","meta":{"_monsterinsights_skip_tracking":false,"_monsterinsights_sitenote_active":false,"_monsterinsights_sitenote_note":"","_monsterinsights_sitenote_category":0,"footnotes":""},"categories":[3],"tags":[],"class_list":["post-20453","post","type-post","status-publish","format-standard","has-post-thumbnail","hentry","category-nal","entry"],"aioseo_notices":[],"_links":{"self":[{"href":"https:\/\/a3noticias.com.mx\/sandbox\/wp-json\/wp\/v2\/posts\/20453","targetHints":{"allow":["GET"]}}],"collection":[{"href":"https:\/\/a3noticias.com.mx\/sandbox\/wp-json\/wp\/v2\/posts"}],"about":[{"href":"https:\/\/a3noticias.com.mx\/sandbox\/wp-json\/wp\/v2\/types\/post"}],"author":[{"embeddable":true,"href":"https:\/\/a3noticias.com.mx\/sandbox\/wp-json\/wp\/v2\/users\/2"}],"replies":[{"embeddable":true,"href":"https:\/\/a3noticias.com.mx\/sandbox\/wp-json\/wp\/v2\/comments?post=20453"}],"version-history":[{"count":1,"href":"https:\/\/a3noticias.com.mx\/sandbox\/wp-json\/wp\/v2\/posts\/20453\/revisions"}],"predecessor-version":[{"id":20454,"href":"https:\/\/a3noticias.com.mx\/sandbox\/wp-json\/wp\/v2\/posts\/20453\/revisions\/20454"}],"wp:featuredmedia":[{"embeddable":true,"href":"https:\/\/a3noticias.com.mx\/sandbox\/wp-json\/wp\/v2\/media\/17070"}],"wp:attachment":[{"href":"https:\/\/a3noticias.com.mx\/sandbox\/wp-json\/wp\/v2\/media?parent=20453"}],"wp:term":[{"taxonomy":"category","embeddable":true,"href":"https:\/\/a3noticias.com.mx\/sandbox\/wp-json\/wp\/v2\/categories?post=20453"},{"taxonomy":"post_tag","embeddable":true,"href":"https:\/\/a3noticias.com.mx\/sandbox\/wp-json\/wp\/v2\/tags?post=20453"}],"curies":[{"name":"wp","href":"https:\/\/api.w.org\/{rel}","templated":true}]}}