{"id":20464,"date":"2022-04-26T13:06:31","date_gmt":"2022-04-26T18:06:31","guid":{"rendered":"https:\/\/a3noticias.com.mx\/sandbox\/?p=20464"},"modified":"2022-04-26T13:06:32","modified_gmt":"2022-04-26T18:06:32","slug":"anuncian-regreso-de-carrera-nocturna-cgv-2022","status":"publish","type":"post","link":"https:\/\/a3noticias.com.mx\/sandbox\/2022\/04\/26\/anuncian-regreso-de-carrera-nocturna-cgv-2022\/","title":{"rendered":"Anuncian regreso de  Carrera Nocturna CGV 2022."},"content":{"rendered":"\n<p>Luego de dos a\u00f1os de pandemia, el pr\u00f3ximo&nbsp; 21 de mayo del presente a\u00f1o se llevar\u00e1 a cabo la D\u00e9cima Primera Edici\u00f3n de la Carrera Nocturna CGV 2022 en las distancia de 5 y 10K, respetando todos los protocolos sanitarios.<\/p>\n\n\n\n<p>En esta justa deportiva s\u00f3lo podr\u00e1n participar personas que cuenten con su certificado de vacunaci\u00f3n oficial, quien no haya cumplido con este esquema, no podr\u00e1 ser inscrito.<\/p>\n\n\n\n<p>Las inscripciones para participar ser\u00e1n totalmente gratuitas y habr\u00e1 un cupo l\u00edmite de 5 mil personas, las cuales podr\u00e1n tramitar su registro en los lugares asignados, como el Lobby del Centro C\u00edvico en la Delegaci\u00f3n Centro Hist\u00f3rico y Delegaci\u00f3n F\u00e9lix Osores, as\u00ed como en sucursales de Caja Gonzalo Vega, Plaza del Parque, Ensue\u00f1o y el Mirador en horarios de 9 a 15 horas de lunes a viernes a partir del 6 de mayo pr\u00f3ximo hasta agotar existencias.<\/p>\n\n\n\n<p>Arturo Torres, Secretario de Desarrollo Humano y Social del Municipio de Quer\u00e9taro, quien presidi\u00f3 el evento en representaci\u00f3n del Alcalde Luis Bernardo Nava, se\u00f1al\u00f3 que este evento tiene como prop\u00f3sito primordial la sana convivencia familiar, de amigos y vecinos, as\u00ed como de deportistas que gustan participar.<\/p>\n\n\n\n<blockquote class=\"wp-block-quote is-layout-flow wp-block-quote-is-layout-flow\"><p>\u00abLa intenci\u00f3n es que la Carrera Nocturna sea una fiesta deportiva, pero sobre todo recreativa, que todos la disfruten, tanto corredores como familiares y sus acompa\u00f1antes\u201d<\/p><\/blockquote>\n\n\n\n<p>Por su parte, Francisco Mu\u00f1oz Carl\u00edn, Director del Instituto del Deporte y Recreaci\u00f3n del Municipio de Quer\u00e9taro,&nbsp; se\u00f1al\u00f3 que podr\u00e1n competir j\u00f3venes desde los 15 a\u00f1os de edad, adultos y adultos mayores hasta 64 a\u00f1os, tanto hombre como mujeres.&nbsp;<\/p>\n\n\n\n<p>Dijo tambi\u00e9n que la entrega de paquetes se realizar\u00e1 los d\u00edas 18 y 19 de mayo, de 9 a 17 horas, en el Centro Educativo y Cultural Manuel G\u00f3mez Mor\u00edn.<\/p>\n\n\n\n<p>Sobre la ruta de cada distancia, el funcionario del deporte municipal se\u00f1al\u00f3 que en 5K, la salida ser\u00e1 frente al Zenea, para continuar por Corregidora, Universidad, lateral Bernardo Quintana, Calzada de los Arcos, Ej\u00e9rcito Republicano, Independencia, Venustiano Carranza, Manuel Altamirano, 5 de Mayo, Pasteur, Arteaga y volver a la Av. Corregidora. Y para la 10K, muy similar el recorrido, agreg\u00e1ndole las calles de Ocampo, Ju\u00e1rez, Morelos, Guerrero y Pino Su\u00e1rez.<\/p>\n\n\n\n<p>En la presentaci\u00f3n de la carrera nocturna tambi\u00e9n estuvieron Luis Octavio Mata, Delegado de Centro Hist\u00f3rico, y  Fabi\u00e1n Camacho, Presidente de la C\u00e1mara Nacional de Comercio (CANACO) en Quer\u00e9taro. <\/p>\n","protected":false},"excerpt":{"rendered":"<p>Luego de dos a\u00f1os de pandemia, el pr\u00f3ximo&nbsp; 21 de mayo del presente a\u00f1o se llevar\u00e1 a cabo la D\u00e9cima Primera Edici\u00f3n de la Carrera Nocturna CGV 2022 en las &hellip; <a href=\"https:\/\/a3noticias.com.mx\/sandbox\/2022\/04\/26\/anuncian-regreso-de-carrera-nocturna-cgv-2022\/\" class=\"more-link\">Leer m\u00e1s<\/a><\/p>\n","protected":false},"author":2,"featured_media":20465,"comment_status":"open","ping_status":"open","sticky":false,"template":"","format":"standard","meta":{"_monsterinsights_skip_tracking":false,"_monsterinsights_sitenote_active":false,"_monsterinsights_sitenote_note":"","_monsterinsights_sitenote_category":0,"footnotes":""},"categories":[5,2],"tags":[],"class_list":["post-20464","post","type-post","status-publish","format-standard","has-post-thumbnail","hentry","category-sports","category-qro","entry"],"aioseo_notices":[],"_links":{"self":[{"href":"https:\/\/a3noticias.com.mx\/sandbox\/wp-json\/wp\/v2\/posts\/20464","targetHints":{"allow":["GET"]}}],"collection":[{"href":"https:\/\/a3noticias.com.mx\/sandbox\/wp-json\/wp\/v2\/posts"}],"about":[{"href":"https:\/\/a3noticias.com.mx\/sandbox\/wp-json\/wp\/v2\/types\/post"}],"author":[{"embeddable":true,"href":"https:\/\/a3noticias.com.mx\/sandbox\/wp-json\/wp\/v2\/users\/2"}],"replies":[{"embeddable":true,"href":"https:\/\/a3noticias.com.mx\/sandbox\/wp-json\/wp\/v2\/comments?post=20464"}],"version-history":[{"count":1,"href":"https:\/\/a3noticias.com.mx\/sandbox\/wp-json\/wp\/v2\/posts\/20464\/revisions"}],"predecessor-version":[{"id":20466,"href":"https:\/\/a3noticias.com.mx\/sandbox\/wp-json\/wp\/v2\/posts\/20464\/revisions\/20466"}],"wp:featuredmedia":[{"embeddable":true,"href":"https:\/\/a3noticias.com.mx\/sandbox\/wp-json\/wp\/v2\/media\/20465"}],"wp:attachment":[{"href":"https:\/\/a3noticias.com.mx\/sandbox\/wp-json\/wp\/v2\/media?parent=20464"}],"wp:term":[{"taxonomy":"category","embeddable":true,"href":"https:\/\/a3noticias.com.mx\/sandbox\/wp-json\/wp\/v2\/categories?post=20464"},{"taxonomy":"post_tag","embeddable":true,"href":"https:\/\/a3noticias.com.mx\/sandbox\/wp-json\/wp\/v2\/tags?post=20464"}],"curies":[{"name":"wp","href":"https:\/\/api.w.org\/{rel}","templated":true}]}}