{"id":20477,"date":"2022-04-26T20:58:54","date_gmt":"2022-04-27T01:58:54","guid":{"rendered":"https:\/\/a3noticias.com.mx\/sandbox\/?p=20477"},"modified":"2022-04-26T20:58:54","modified_gmt":"2022-04-27T01:58:54","slug":"regresa-la-feria-ganadera-a-queretaro","status":"publish","type":"post","link":"https:\/\/a3noticias.com.mx\/sandbox\/2022\/04\/26\/regresa-la-feria-ganadera-a-queretaro\/","title":{"rendered":"\u00a1Regresa la Feria Ganadera a Quer\u00e9taro!"},"content":{"rendered":"\n<p>El presidente de la Uni\u00f3n Ganadera Regional de Quer\u00e9taro, Alejandro Ugalde Tinoco, dio a conocer que ya se trabaja en la edici\u00f3n de este a\u00f1o de la Feria Internacional Ganadera, la cual fue suspendida los dos \u00faltimos a\u00f1os a causa de la pandemia por Covid-19.<\/p>\n\n\n\n<p>El l\u00edder de los ganaderos en Quer\u00e9taro, explic\u00f3 que la organizaci\u00f3n que encabeza dej\u00f3 de percibir entre 14 y 16 millones de pesos por las ediciones de la feria que fueron canceladas, pues \u201cen la Uni\u00f3n Ganadera vivimos de los recursos que captamos por este evento internacional, que adem\u00e1s son aplicados en el impulso de los proyectos estrat\u00e9gicos de las diferentes asociaciones ganaderas locales y especializadas\u201d.<\/p>\n\n\n\n<p>Sin embargo, asegur\u00f3 que hoy \u201cvan viento en popa\u201d en la organizaci\u00f3n de la edici\u00f3n de 2022, un evento que pretenden que regrese como se merecen los queretanos, una feria 100% segura y con contenidos de altura.<\/p>\n\n\n\n<p>El presidente de la UGRQ agreg\u00f3 que a\u00fan no han podido apartar fechas con artistas, ya que dijo, como iniciativa privada, deben hacer primero una corrida financiera para saber con qu\u00e9 se cuenta, pero asegur\u00f3 que lo que si pueden adelantar, es que por lo menos se contar\u00e1 con un artista de talla internacional.<\/p>\n\n\n\n<p>Alejandro Ugalde destac\u00f3 adem\u00e1s que cuentan con el apoyo de los principales patrocinadores que son empresas cerveceras y refresqueras; sin embargo, est\u00e1n ya en pl\u00e1ticas con la C\u00e1mara Nacional de Comercio (Canaco) y de la Industria Restaurantera (Canirac), para generar alianzas.<\/p>\n\n\n\n<blockquote class=\"wp-block-quote is-style-large is-layout-flow wp-block-quote-is-layout-flow\"><p>\u201cTenemos que trabajar transversalmente, con organizaciones afines a la nuestra, no s\u00f3lo\u00a0 en la cuesti\u00f3n ganadera, sino comercial. Yo quiero ver incluso con la Canirac y la Canaco, c\u00f3mo podemos conjuntar esfuerzos y detonar la econom\u00eda no s\u00f3lo en el tema ganadero\u201d, dijo.<\/p><\/blockquote>\n\n\n\n<p>Finalmente, Ugalde Tinoco coment\u00f3 que esperaran ver c\u00f3mo avanza la pandemia para determinar los aforos que pudiera tener la Feria, que tentativamente, podr\u00eda iniciar el \u00faltimo viernes del mes de noviembre y concluir el 12 de diciembre.<\/p>\n\n\n\n<blockquote class=\"wp-block-quote is-style-large is-layout-flow wp-block-quote-is-layout-flow\"><p>\u201cLa gente pide, despu\u00e9s de dos a\u00f1os, que la Feria regrese, hay una necesidad de esparcimiento social y no hay mejor lugar que la Feria, porque es un espacio de convivencia familiar\u201d, agreg\u00f3.<\/p><\/blockquote>\n","protected":false},"excerpt":{"rendered":"<p>El presidente de la Uni\u00f3n Ganadera Regional de Quer\u00e9taro, Alejandro Ugalde Tinoco, dio a conocer que ya se trabaja en la edici\u00f3n de este a\u00f1o de la Feria Internacional Ganadera, &hellip; <a href=\"https:\/\/a3noticias.com.mx\/sandbox\/2022\/04\/26\/regresa-la-feria-ganadera-a-queretaro\/\" class=\"more-link\">Leer m\u00e1s<\/a><\/p>\n","protected":false},"author":4,"featured_media":20478,"comment_status":"open","ping_status":"open","sticky":false,"template":"","format":"standard","meta":{"_monsterinsights_skip_tracking":false,"_monsterinsights_sitenote_active":false,"_monsterinsights_sitenote_note":"","_monsterinsights_sitenote_category":0,"footnotes":""},"categories":[2],"tags":[],"class_list":["post-20477","post","type-post","status-publish","format-standard","has-post-thumbnail","hentry","category-qro","entry"],"aioseo_notices":[],"_links":{"self":[{"href":"https:\/\/a3noticias.com.mx\/sandbox\/wp-json\/wp\/v2\/posts\/20477","targetHints":{"allow":["GET"]}}],"collection":[{"href":"https:\/\/a3noticias.com.mx\/sandbox\/wp-json\/wp\/v2\/posts"}],"about":[{"href":"https:\/\/a3noticias.com.mx\/sandbox\/wp-json\/wp\/v2\/types\/post"}],"author":[{"embeddable":true,"href":"https:\/\/a3noticias.com.mx\/sandbox\/wp-json\/wp\/v2\/users\/4"}],"replies":[{"embeddable":true,"href":"https:\/\/a3noticias.com.mx\/sandbox\/wp-json\/wp\/v2\/comments?post=20477"}],"version-history":[{"count":1,"href":"https:\/\/a3noticias.com.mx\/sandbox\/wp-json\/wp\/v2\/posts\/20477\/revisions"}],"predecessor-version":[{"id":20479,"href":"https:\/\/a3noticias.com.mx\/sandbox\/wp-json\/wp\/v2\/posts\/20477\/revisions\/20479"}],"wp:featuredmedia":[{"embeddable":true,"href":"https:\/\/a3noticias.com.mx\/sandbox\/wp-json\/wp\/v2\/media\/20478"}],"wp:attachment":[{"href":"https:\/\/a3noticias.com.mx\/sandbox\/wp-json\/wp\/v2\/media?parent=20477"}],"wp:term":[{"taxonomy":"category","embeddable":true,"href":"https:\/\/a3noticias.com.mx\/sandbox\/wp-json\/wp\/v2\/categories?post=20477"},{"taxonomy":"post_tag","embeddable":true,"href":"https:\/\/a3noticias.com.mx\/sandbox\/wp-json\/wp\/v2\/tags?post=20477"}],"curies":[{"name":"wp","href":"https:\/\/api.w.org\/{rel}","templated":true}]}}