{"id":21409,"date":"2022-06-07T09:31:28","date_gmt":"2022-06-07T14:31:28","guid":{"rendered":"https:\/\/a3noticias.com.mx\/sandbox\/?p=21409"},"modified":"2022-06-07T09:38:42","modified_gmt":"2022-06-07T14:38:42","slug":"se-han-sumado-226-casos-de-covid-19-en-los-ultimos-tres-dias","status":"publish","type":"post","link":"https:\/\/a3noticias.com.mx\/sandbox\/2022\/06\/07\/se-han-sumado-226-casos-de-covid-19-en-los-ultimos-tres-dias\/","title":{"rendered":"Se han sumado en Quer\u00e9taro 226 casos de Covid-19 en los \u00faltimos tres d\u00edas"},"content":{"rendered":"\n<p>La Secretar\u00eda de Salud de Quer\u00e9taro report\u00f3 este lunes cero defunciones por COVID-19 y tras una actualizaci\u00f3n de datos en la plataforma SISVER -Sistema de Vigilancia Epidemiol\u00f3gico de Enfermedades Respiratorias-, report\u00f3 que <strong>en los \u00faltimos tres d\u00edas se han sumado 226 casos de la enfermedad en el estado (el s\u00e1bado se reportaron 10 casos, el domingo se registraron tres y este lunes 213)<\/strong>, se trata de 131 mujeres y 95 hombres. El registro acumulado es de 139 mil 173 casos; 52% son mujeres y 48% son hombres.<\/p>\n\n\n\n<p>Se dio de alta sanitaria a 242 pacientes, con lo que se tiene un registro de 132 mil 411 altas (95.14%).<\/p>\n\n\n\n<p>Con sintomatolog\u00eda leve, aislamiento y manejo en su domicilio hay 60 pacientes y tres hospitalizados. Se han registrado seis mil 699 defunciones.<\/p>\n\n\n\n<p>Con relaci\u00f3n a la disponibilidad de camas de hospitalizaci\u00f3n general y con ventilador, con informaci\u00f3n del 5 de junio, se tiene una ocupaci\u00f3n de cuatro por ciento, con base en la Red Negativa de Infecciones Respiratorias Agudas (IRAG).<\/p>\n\n\n\n<p>En Quer\u00e9taro se registra cero por ciento de ocupaci\u00f3n de camas con ventilador y siete por ciento en camas sin ventilador.<\/p>\n\n\n\n<p>Se exhorta a la poblaci\u00f3n a no automedicarse y, para prevenir la transmisi\u00f3n, mantener sana distancia entre personas (al menos un metro), lavarse las manos de manera frecuente con agua y jab\u00f3n o utilizar soluciones alcoholadas a 70%, usar cubreboca cuando se asista a reuniones o eventos en sitios p\u00fablicos o privados, sean lugares cerrados o al aire libre y en donde no se pueda mantener la distancia entre personas, as\u00ed como en el transporte p\u00fablico y al interior de las instituciones educativas.<\/p>\n\n\n\n<p>Asimismo, a quedarse en casa cuando se tienen enfermedades respiratorias y comunicarse al call center estatal 4421015205, para recibir orientaci\u00f3n m\u00e9dica si se presenta alguno de los s\u00edntomas o signos como: dificultad para respirar (dato de gravedad), fiebre (mayor a 38 grados), dolor de cabeza, tos, dolor de garganta, escurrimiento nasal, dolor de pecho, alteraci\u00f3n del olfato o del sentido del gusto.<\/p>\n\n\n\n<p>Para m\u00e1s informaci\u00f3n sobre COVID-19 consulta los micrositios: coronavirus.gob.mx y covid19.queretaro.gob.mx<\/p>\n","protected":false},"excerpt":{"rendered":"<p>La Secretar\u00eda de Salud de Quer\u00e9taro report\u00f3 este lunes cero defunciones por COVID-19 y tras una actualizaci\u00f3n de datos en la plataforma SISVER -Sistema de Vigilancia Epidemiol\u00f3gico de Enfermedades Respiratorias-, &hellip; <a href=\"https:\/\/a3noticias.com.mx\/sandbox\/2022\/06\/07\/se-han-sumado-226-casos-de-covid-19-en-los-ultimos-tres-dias\/\" class=\"more-link\">Leer m\u00e1s<\/a><\/p>\n","protected":false},"author":2,"featured_media":19434,"comment_status":"open","ping_status":"open","sticky":false,"template":"","format":"standard","meta":{"_monsterinsights_skip_tracking":false,"_monsterinsights_sitenote_active":false,"_monsterinsights_sitenote_note":"","_monsterinsights_sitenote_category":0,"footnotes":""},"categories":[2],"tags":[],"class_list":["post-21409","post","type-post","status-publish","format-standard","has-post-thumbnail","hentry","category-qro","entry"],"aioseo_notices":[],"_links":{"self":[{"href":"https:\/\/a3noticias.com.mx\/sandbox\/wp-json\/wp\/v2\/posts\/21409","targetHints":{"allow":["GET"]}}],"collection":[{"href":"https:\/\/a3noticias.com.mx\/sandbox\/wp-json\/wp\/v2\/posts"}],"about":[{"href":"https:\/\/a3noticias.com.mx\/sandbox\/wp-json\/wp\/v2\/types\/post"}],"author":[{"embeddable":true,"href":"https:\/\/a3noticias.com.mx\/sandbox\/wp-json\/wp\/v2\/users\/2"}],"replies":[{"embeddable":true,"href":"https:\/\/a3noticias.com.mx\/sandbox\/wp-json\/wp\/v2\/comments?post=21409"}],"version-history":[{"count":2,"href":"https:\/\/a3noticias.com.mx\/sandbox\/wp-json\/wp\/v2\/posts\/21409\/revisions"}],"predecessor-version":[{"id":21411,"href":"https:\/\/a3noticias.com.mx\/sandbox\/wp-json\/wp\/v2\/posts\/21409\/revisions\/21411"}],"wp:featuredmedia":[{"embeddable":true,"href":"https:\/\/a3noticias.com.mx\/sandbox\/wp-json\/wp\/v2\/media\/19434"}],"wp:attachment":[{"href":"https:\/\/a3noticias.com.mx\/sandbox\/wp-json\/wp\/v2\/media?parent=21409"}],"wp:term":[{"taxonomy":"category","embeddable":true,"href":"https:\/\/a3noticias.com.mx\/sandbox\/wp-json\/wp\/v2\/categories?post=21409"},{"taxonomy":"post_tag","embeddable":true,"href":"https:\/\/a3noticias.com.mx\/sandbox\/wp-json\/wp\/v2\/tags?post=21409"}],"curies":[{"name":"wp","href":"https:\/\/api.w.org\/{rel}","templated":true}]}}