{"id":3318,"date":"2020-07-04T00:49:55","date_gmt":"2020-07-04T05:49:55","guid":{"rendered":"https:\/\/a3noticias.com.mx\/sandbox\/?p=3318"},"modified":"2020-07-04T00:50:45","modified_gmt":"2020-07-04T05:50:45","slug":"realiza-imss-vacunacion-permanente-en-unidades-de-medicina-familiar","status":"publish","type":"post","link":"https:\/\/a3noticias.com.mx\/sandbox\/2020\/07\/04\/realiza-imss-vacunacion-permanente-en-unidades-de-medicina-familiar\/","title":{"rendered":"Realiza IMSS vacunaci\u00f3n permanente en Unidades de Medicina Familiar"},"content":{"rendered":"\n<p class=\"wp-block-paragraph\">El Instituto Mexicano del Seguro Social (IMSS) fortalece las campa\u00f1as de vacunaci\u00f3n al aplicar m\u00e1s de 95 mil dosis diarias a todos los grupos de edad, una actividad esencial que se realiza en Unidades de Medicina Familiar, para evitar enfermedades, proteger la salud y contribuir a generar \u00f3ptimos niveles de bienestar en la poblaci\u00f3n.<\/p>\n\n\n\n<p class=\"wp-block-paragraph\">Con motivo de la emergencia sanitaria por COVID-19 disminuy\u00f3 la asistencia a las Unidades M\u00e9dicas, pero los esfuerzos institucionales y sectoriales tienen el objetivo de no reducir las coberturas de vacunaci\u00f3n, inform\u00f3 el doctor Juan Carlos Mart\u00ednez Vivar, coordinador de programas m\u00e9dicos en la Coordinaci\u00f3n de Atenci\u00f3n Integral a la Salud en el Primer Nivel.<\/p>\n\n\n\n<p class=\"wp-block-paragraph\">El IMSS tiene abasto suficiente de vacunas, para atender al 100 por ciento sus requerimientos del a\u00f1o 2020 y garantizar la continuidad de la vacunaci\u00f3n en todas las Unidades de Medicina Familiar del pa\u00eds, afirm\u00f3 el especialista en Epidemiolog\u00eda.<\/p>\n\n\n\n<p class=\"wp-block-paragraph\">A\u00f1adi\u00f3 que como parte de la estrategia permanente de vacunaci\u00f3n, el Seguro Social aplica 35 millones de dosis cada a\u00f1o en las cl\u00ednicas familiares, de lunes a viernes de ocho de la ma\u00f1ana a ocho de la noche; y en la fase intensiva, el Sector Salud program\u00f3 para noviembre la Tercera Jornada Nacional de Salud P\u00fablica.<\/p>\n\n\n\n<p class=\"wp-block-paragraph\">En dicho mes se aplicar\u00e1n vacunas contra sarampi\u00f3n, rub\u00e9ola y parotiditis (paperas) a alumnos de primero de primaria; as\u00ed como biol\u00f3gico contra el Virus del Papiloma Humano (VPH) a ni\u00f1as que cursan quinto a\u00f1o de Educaci\u00f3n B\u00e1sica y aquellas de once a\u00f1os que por alg\u00fan motivo no se encuentran inscritas en el sistema educativo nacional, para protegerlas contra c\u00e1ncer c\u00e9rvico-uterino.<\/p>\n\n\n\n<p class=\"wp-block-paragraph\">Record\u00f3 que en noviembre, el Seguro Social iniciar\u00e1 la campa\u00f1a de vacunaci\u00f3n contra influenza estacional, temporada 2020 \u2013 2021, que finalizar\u00e1 en marzo de 2021, para ni\u00f1as y ni\u00f1os a partir de seis meses de edad a cuatro a\u00f1os 11 meses; adultos de 60 a\u00f1os y m\u00e1s; personal de salud, mujeres embarazadas y poblaci\u00f3n de 5 a 59 a\u00f1os de edad que viven con alguna condici\u00f3n de mayor riesgo para enfermar.<\/p>\n\n\n\n<p class=\"wp-block-paragraph\">Dijo que la vacuna contra neumococo se mantiene durante todo el a\u00f1o para personas de 65 a\u00f1os, as\u00ed como para aquellas con 60 a\u00f1os de edad que tienen diabetes mellitus, enfermedades cr\u00f3nicas del h\u00edgado, pulm\u00f3n, ri\u00f1\u00f3n, c\u00e1ncer u otra condici\u00f3n que disminuye su sistema inmune.<\/p>\n\n\n\n<p class=\"wp-block-paragraph\">La vacunaci\u00f3n, resalt\u00f3, se llevar\u00e1 a cabo con las medidas de protecci\u00f3n personal para los equipos de salud, brigadas y poblaci\u00f3n derechohabiente: sana distancia, uso de cubreboca, limpieza de manos con agua y jab\u00f3n, o sanitizaci\u00f3n de manos con alcohol gel en actividades de comunitarias.<\/p>\n\n\n\n<p class=\"wp-block-paragraph\">Reiter\u00f3 que el IMSS ha reforzado las medidas de seguridad dentro y fuera de las Unidades M\u00e9dicas para evitar contagios de COVID-19, a trav\u00e9s de m\u00f3dulos de vacunaci\u00f3n alejados de pacientes con sintomatolog\u00eda respiratoria.<\/p>\n\n\n\n<p class=\"wp-block-paragraph\">En torno a situaciones de brote como sarampi\u00f3n, el doctor Mart\u00ednez Vivar dijo que la aplicaci\u00f3n de biol\u00f3gicos se realiza con personal de brigada capacitado y en coordinaci\u00f3n con autoridades de Secretar\u00eda de Salud, para reducir, casa por casa, el n\u00famero de personas susceptibles a estas enfermedades.<\/p>\n\n\n\n<p class=\"wp-block-paragraph\">Asimismo, coment\u00f3 que no se estima que aumenten el n\u00famero de casos de poliomielitis o el sarampi\u00f3n, ante el temor de la gente de contagiarse por COVID-19, pues ahora m\u00e1s que nunca la poblaci\u00f3n valora la vacunaci\u00f3n y las acciones preventivas.<\/p>\n\n\n\n<p class=\"wp-block-paragraph\">Reiter\u00f3 que las personas deben mantener actualizado su esquema de vacunaci\u00f3n de acuerdo con su edad y condici\u00f3n de salud, medida que reduce el riesgo de enfermar o hacerlo susceptible para otras enfermedades, entre ellas COVID-19.<\/p>\n","protected":false},"excerpt":{"rendered":"<p>El Instituto Mexicano del Seguro Social (IMSS) fortalece las campa\u00f1as de vacunaci\u00f3n al aplicar m\u00e1s de 95 mil dosis diarias a todos los grupos de edad, una actividad esencial que &hellip; <a href=\"https:\/\/a3noticias.com.mx\/sandbox\/2020\/07\/04\/realiza-imss-vacunacion-permanente-en-unidades-de-medicina-familiar\/\" class=\"more-link\">Leer m\u00e1s<\/a><\/p>\n","protected":false},"author":2,"featured_media":3319,"comment_status":"open","ping_status":"open","sticky":false,"template":"","format":"standard","meta":{"_monsterinsights_skip_tracking":false,"_monsterinsights_sitenote_active":false,"_monsterinsights_sitenote_note":"","_monsterinsights_sitenote_category":0,"footnotes":""},"categories":[3],"tags":[],"class_list":["post-3318","post","type-post","status-publish","format-standard","has-post-thumbnail","hentry","category-nal","entry"],"aioseo_notices":[],"_links":{"self":[{"href":"https:\/\/a3noticias.com.mx\/sandbox\/wp-json\/wp\/v2\/posts\/3318","targetHints":{"allow":["GET"]}}],"collection":[{"href":"https:\/\/a3noticias.com.mx\/sandbox\/wp-json\/wp\/v2\/posts"}],"about":[{"href":"https:\/\/a3noticias.com.mx\/sandbox\/wp-json\/wp\/v2\/types\/post"}],"author":[{"embeddable":true,"href":"https:\/\/a3noticias.com.mx\/sandbox\/wp-json\/wp\/v2\/users\/2"}],"replies":[{"embeddable":true,"href":"https:\/\/a3noticias.com.mx\/sandbox\/wp-json\/wp\/v2\/comments?post=3318"}],"version-history":[{"count":1,"href":"https:\/\/a3noticias.com.mx\/sandbox\/wp-json\/wp\/v2\/posts\/3318\/revisions"}],"predecessor-version":[{"id":3320,"href":"https:\/\/a3noticias.com.mx\/sandbox\/wp-json\/wp\/v2\/posts\/3318\/revisions\/3320"}],"wp:featuredmedia":[{"embeddable":true,"href":"https:\/\/a3noticias.com.mx\/sandbox\/wp-json\/wp\/v2\/media\/3319"}],"wp:attachment":[{"href":"https:\/\/a3noticias.com.mx\/sandbox\/wp-json\/wp\/v2\/media?parent=3318"}],"wp:term":[{"taxonomy":"category","embeddable":true,"href":"https:\/\/a3noticias.com.mx\/sandbox\/wp-json\/wp\/v2\/categories?post=3318"},{"taxonomy":"post_tag","embeddable":true,"href":"https:\/\/a3noticias.com.mx\/sandbox\/wp-json\/wp\/v2\/tags?post=3318"}],"curies":[{"name":"wp","href":"https:\/\/api.w.org\/{rel}","templated":true}]}}