{"id":5142,"date":"2020-08-12T17:48:28","date_gmt":"2020-08-12T22:48:28","guid":{"rendered":"https:\/\/a3noticias.com.mx\/sandbox\/?p=5142"},"modified":"2020-08-12T17:59:05","modified_gmt":"2020-08-12T22:59:05","slug":"los-semaforos-queretanos-son-tambien-salones-de-clases","status":"publish","type":"post","link":"https:\/\/a3noticias.com.mx\/sandbox\/2020\/08\/12\/los-semaforos-queretanos-son-tambien-salones-de-clases\/","title":{"rendered":"Los sem\u00e1foros queretanos son tambi\u00e9n salones de clases"},"content":{"rendered":"\n<p><strong>Jemima Pel\u00e1ez es una profesora que actualmente brinda clases a ni\u00f1os de escasos recursos en diversos camellones y sem\u00e1foros de la capital queretana<\/strong><\/p>\n\n\n\n<p><em><strong>Adri\u00e1n Ibarra<\/strong><\/em><\/p>\n\n\n\n<p>La joven docente se desempe\u00f1a como profesora de un Centro de Atenci\u00f3n M\u00faltiple en el que se hace cargo de un grupo de ni\u00f1os sordos y con problemas de comunicaci\u00f3n, esto en el municipio de Jalpan de Serra.<\/p>\n\n\n\n<figure class=\"wp-block-image size-large\"><img loading=\"lazy\" decoding=\"async\" width=\"768\" height=\"1024\" src=\"https:\/\/a3noticias.com.mx\/wp-content\/uploads\/2020\/08\/WhatsApp-Image-2020-08-12-at-4.00.20-PM-768x1024.jpeg\" alt=\"\" class=\"wp-image-5144\" srcset=\"https:\/\/a3noticias.com.mx\/sandbox\/wp-content\/uploads\/2020\/08\/WhatsApp-Image-2020-08-12-at-4.00.20-PM-768x1024.jpeg 768w, https:\/\/a3noticias.com.mx\/sandbox\/wp-content\/uploads\/2020\/08\/WhatsApp-Image-2020-08-12-at-4.00.20-PM-225x300.jpeg 225w, https:\/\/a3noticias.com.mx\/sandbox\/wp-content\/uploads\/2020\/08\/WhatsApp-Image-2020-08-12-at-4.00.20-PM.jpeg 864w\" sizes=\"auto, (max-width: 768px) 100vw, 768px\" \/><\/figure>\n\n\n\n<p>Sin embargo, a causa de la pandemia del coronavirus y de la suspensi\u00f3n de actividades escolares, Jemima decidi\u00f3 mudarse temporalmente a casa de sus padres en la capital queretana, lugar en el que desempe\u00f1a sus actividades docentes sin fines de lucro.<\/p>\n\n\n\n<blockquote class=\"wp-block-quote is-layout-flow wp-block-quote-is-layout-flow\"><p>Mi nombre es Jemima Pel\u00e1ez, tengo 30 a\u00f1os y soy licenciada en pedagog\u00eda, tengo una licenciatura en educaci\u00f3n especial en el \u00e1rea de audici\u00f3n y lenguaje. Actualmente soy docente en una primaria en Jalpan de Serra, soy maestra de segundo de primaria con ni\u00f1os sordos, ni\u00f1os con s\u00edndrome de down, par\u00e1lisis y discapacidad intelectual\u00bb.<\/p><\/blockquote>\n\n\n\n<p>Jemima platic\u00f3 con Alternativa en exclusiva y relat\u00f3 que el sentimiento de preocupaci\u00f3n por el futuro de las pr\u00f3ximas generaciones, fue la determinante para decidir realizar clases en la calle<\/p>\n\n\n\n<blockquote class=\"wp-block-quote is-layout-flow wp-block-quote-is-layout-flow\"><p>Lo que me motiv\u00f3 fue pensar en mis alumnos. Un d\u00eda iba corriendo y vi a muchos ni\u00f1os en una esquina y pens\u00e9 que si se cambi\u00f3 la educaci\u00f3n a modo distancia y virtual, ellos como lo hacen si est\u00e1n en una esquina trabajando, en una situaci\u00f3n de vida dif\u00edcil. Yo quiero salir a ense\u00f1ar, me gusta, soy maestra y eso me da vida\u00bb.<\/p><\/blockquote>\n\n\n\n<figure class=\"wp-block-image size-large\"><img loading=\"lazy\" decoding=\"async\" width=\"768\" height=\"1024\" src=\"https:\/\/a3noticias.com.mx\/wp-content\/uploads\/2020\/08\/WhatsApp-Image-2020-08-12-at-4.00.22-PM-768x1024.jpeg\" alt=\"\" class=\"wp-image-5145\" srcset=\"https:\/\/a3noticias.com.mx\/sandbox\/wp-content\/uploads\/2020\/08\/WhatsApp-Image-2020-08-12-at-4.00.22-PM-768x1024.jpeg 768w, https:\/\/a3noticias.com.mx\/sandbox\/wp-content\/uploads\/2020\/08\/WhatsApp-Image-2020-08-12-at-4.00.22-PM-225x300.jpeg 225w, https:\/\/a3noticias.com.mx\/sandbox\/wp-content\/uploads\/2020\/08\/WhatsApp-Image-2020-08-12-at-4.00.22-PM.jpeg 864w\" sizes=\"auto, (max-width: 768px) 100vw, 768px\" \/><\/figure>\n\n\n\n<p>Jemima cuenta con 10 alumnos actualmente a quienes les da clases semanalmente por un lapso de 40 minutos a una hora, tiempo en el que los ni\u00f1os aprenden lectura, escritura y dibujo, entre otras cosas.<\/p>\n\n\n\n<blockquote class=\"wp-block-quote is-layout-flow wp-block-quote-is-layout-flow\"><p>Tengo a ellos cuatro y cerca de la Alameda tengo otros seis alumnos. Empezamos como con una canci\u00f3n para ver coordinaci\u00f3n, atenci\u00f3n, memoria y despu\u00e9s nos vamos a espa\u00f1ol, que es lectura y redacci\u00f3n, leemos y sacamos ideas principales, hacen un dibujo, escriben y despu\u00e9s nos vamos con matem\u00e1ticas.<\/p><\/blockquote>\n\n\n\n<p>A la profesora le motiva la idea de que como producto de sus acciones, los ni\u00f1os se conviertan en profesionistas y tengan la oportunidad de mejorar su condici\u00f3n de vida.<\/p>\n\n\n\n<blockquote class=\"wp-block-quote is-layout-flow wp-block-quote-is-layout-flow\"><p>Que tengas una condici\u00f3n de vida distinta, no te impide lograr tus sue\u00f1os a futuro, de ah\u00ed la importancia de la educaci\u00f3n, pues si sabes leer, escribir, si tienes un pensamiento matem\u00e1tico, tienes las habilidades para lograrlo. A mi me vuela la mente pensar que en un futuro alguno gane un &#8216;Grammy&#8217; o descubra la cura del c\u00e1ncer y diga, &#8216;yo aprend\u00ed a leer en un sem\u00e1foro&#8217;. Yo creo que pueden hacerlo y por eso estoy aqu\u00ed\u00bb.<\/p><\/blockquote>\n\n\n\n<figure class=\"wp-block-image size-large\"><img loading=\"lazy\" decoding=\"async\" width=\"1024\" height=\"768\" src=\"https:\/\/a3noticias.com.mx\/wp-content\/uploads\/2020\/08\/WhatsApp-Image-2020-08-12-at-4.00.23-PM-1024x768.jpeg\" alt=\"\" class=\"wp-image-5146\" srcset=\"https:\/\/a3noticias.com.mx\/sandbox\/wp-content\/uploads\/2020\/08\/WhatsApp-Image-2020-08-12-at-4.00.23-PM-1024x768.jpeg 1024w, https:\/\/a3noticias.com.mx\/sandbox\/wp-content\/uploads\/2020\/08\/WhatsApp-Image-2020-08-12-at-4.00.23-PM-300x225.jpeg 300w, https:\/\/a3noticias.com.mx\/sandbox\/wp-content\/uploads\/2020\/08\/WhatsApp-Image-2020-08-12-at-4.00.23-PM-768x576.jpeg 768w, https:\/\/a3noticias.com.mx\/sandbox\/wp-content\/uploads\/2020\/08\/WhatsApp-Image-2020-08-12-at-4.00.23-PM.jpeg 1152w\" sizes=\"auto, (max-width: 1024px) 100vw, 1024px\" \/><\/figure>\n\n\n\n<p>Finalmente, Jemima no sabe cu\u00e1ndo podr\u00e1 regresar a dar clases a Jalpan de Serra, pero si cuenta con la certeza de que mientras siga radicando en la capital queretana, continuar\u00e1 dando clases en los sem\u00e1foros de la ciudad.<\/p>\n\n\n\n<blockquote class=\"wp-block-quote is-layout-flow wp-block-quote-is-layout-flow\"><p>No s\u00e9 cuando me voy a regresar a Jalpan, pero lo que si se es que mientras est\u00e9 aqu\u00ed, yo voy a salir a los sem\u00e1foros a ense\u00f1ar\u00bb.<\/p><\/blockquote>\n","protected":false},"excerpt":{"rendered":"<p>Jemima Pel\u00e1ez es una profesora que actualmente brinda clases a ni\u00f1os de escasos recursos en diversos camellones y sem\u00e1foros de la capital queretana Adri\u00e1n Ibarra La joven docente se desempe\u00f1a &hellip; <a href=\"https:\/\/a3noticias.com.mx\/sandbox\/2020\/08\/12\/los-semaforos-queretanos-son-tambien-salones-de-clases\/\" class=\"more-link\">Leer m\u00e1s<\/a><\/p>\n","protected":false},"author":2,"featured_media":5143,"comment_status":"open","ping_status":"open","sticky":false,"template":"","format":"standard","meta":{"_monsterinsights_skip_tracking":false,"_monsterinsights_sitenote_active":false,"_monsterinsights_sitenote_note":"","_monsterinsights_sitenote_category":0,"footnotes":""},"categories":[2],"tags":[],"class_list":["post-5142","post","type-post","status-publish","format-standard","has-post-thumbnail","hentry","category-qro","entry"],"aioseo_notices":[],"_links":{"self":[{"href":"https:\/\/a3noticias.com.mx\/sandbox\/wp-json\/wp\/v2\/posts\/5142","targetHints":{"allow":["GET"]}}],"collection":[{"href":"https:\/\/a3noticias.com.mx\/sandbox\/wp-json\/wp\/v2\/posts"}],"about":[{"href":"https:\/\/a3noticias.com.mx\/sandbox\/wp-json\/wp\/v2\/types\/post"}],"author":[{"embeddable":true,"href":"https:\/\/a3noticias.com.mx\/sandbox\/wp-json\/wp\/v2\/users\/2"}],"replies":[{"embeddable":true,"href":"https:\/\/a3noticias.com.mx\/sandbox\/wp-json\/wp\/v2\/comments?post=5142"}],"version-history":[{"count":3,"href":"https:\/\/a3noticias.com.mx\/sandbox\/wp-json\/wp\/v2\/posts\/5142\/revisions"}],"predecessor-version":[{"id":5149,"href":"https:\/\/a3noticias.com.mx\/sandbox\/wp-json\/wp\/v2\/posts\/5142\/revisions\/5149"}],"wp:featuredmedia":[{"embeddable":true,"href":"https:\/\/a3noticias.com.mx\/sandbox\/wp-json\/wp\/v2\/media\/5143"}],"wp:attachment":[{"href":"https:\/\/a3noticias.com.mx\/sandbox\/wp-json\/wp\/v2\/media?parent=5142"}],"wp:term":[{"taxonomy":"category","embeddable":true,"href":"https:\/\/a3noticias.com.mx\/sandbox\/wp-json\/wp\/v2\/categories?post=5142"},{"taxonomy":"post_tag","embeddable":true,"href":"https:\/\/a3noticias.com.mx\/sandbox\/wp-json\/wp\/v2\/tags?post=5142"}],"curies":[{"name":"wp","href":"https:\/\/api.w.org\/{rel}","templated":true}]}}